{"id":102,"date":"2024-12-18T08:30:54","date_gmt":"2024-12-18T14:30:54","guid":{"rendered":"https:\/\/www.fresnillo.gob.mx\/noticias\/?p=102"},"modified":"2024-12-18T08:30:54","modified_gmt":"2024-12-18T14:30:54","slug":"la-magia-del-desfile-navideno-ilumino-las-calles-de-fresnillo","status":"publish","type":"post","link":"https:\/\/www.fresnillo.gob.mx\/noticias\/uncategorized\/la-magia-del-desfile-navideno-ilumino-las-calles-de-fresnillo\/","title":{"rendered":"La magia del desfile navide\u00f1o ilumin\u00f3 las calles de Fresnillo"},"content":{"rendered":"\n<figure class=\"wp-block-image size-large\"><img loading=\"lazy\" decoding=\"async\" width=\"1024\" height=\"682\" src=\"https:\/\/www.fresnillo.gob.mx\/noticias\/wp-content\/uploads\/2024\/12\/470181232_984666520361763_3586326194327583426_n-1024x682.jpg\" alt=\"\" class=\"wp-image-103\" srcset=\"https:\/\/www.fresnillo.gob.mx\/noticias\/wp-content\/uploads\/2024\/12\/470181232_984666520361763_3586326194327583426_n-1024x682.jpg 1024w, https:\/\/www.fresnillo.gob.mx\/noticias\/wp-content\/uploads\/2024\/12\/470181232_984666520361763_3586326194327583426_n-300x200.jpg 300w, https:\/\/www.fresnillo.gob.mx\/noticias\/wp-content\/uploads\/2024\/12\/470181232_984666520361763_3586326194327583426_n-768x512.jpg 768w, https:\/\/www.fresnillo.gob.mx\/noticias\/wp-content\/uploads\/2024\/12\/470181232_984666520361763_3586326194327583426_n-1536x1023.jpg 1536w, https:\/\/www.fresnillo.gob.mx\/noticias\/wp-content\/uploads\/2024\/12\/470181232_984666520361763_3586326194327583426_n.jpg 1600w\" sizes=\"auto, (max-width: 1024px) 100vw, 1024px\" \/><\/figure>\n\n\n\n<p>El esp\u00edritu navide\u00f1o lleg\u00f3 a Fresnillo con un espectacular <strong>Desfile Navide\u00f1o<\/strong> que llen\u00f3 de alegr\u00eda, m\u00fasica y color las principales calles de la ciudad. Diversas <strong>direcciones y secretar\u00edas del gobierno municipal<\/strong> se unieron a esta celebraci\u00f3n, participando en una gran <strong>caravana navide\u00f1a<\/strong> con carros aleg\u00f3ricos, botargas y mucho entusiasmo.<\/p>\n\n\n\n<p>\ud83c\udfb6 <strong>M\u00fasica, regalos y diversi\u00f3n<\/strong> se hicieron presentes, mientras familias enteras disfrutaron del desfile que foment\u00f3 el esp\u00edritu festivo de las <strong>fechas decembrinas<\/strong>.<\/p>\n\n\n\n<p>Este evento reuni\u00f3 a cientos de ciudadanos que no quisieron perderse el espect\u00e1culo, donde el brillo, la creatividad y la uni\u00f3n comunitaria fueron protagonistas.<\/p>\n\n\n\n<figure class=\"wp-block-image size-large is-resized\"><img loading=\"lazy\" decoding=\"async\" width=\"1024\" height=\"682\" src=\"https:\/\/www.fresnillo.gob.mx\/noticias\/wp-content\/uploads\/2024\/12\/470229873_984663257028756_4519744985230548403_n-1024x682.jpg\" alt=\"\" class=\"wp-image-104\" style=\"width:320px;height:auto\" srcset=\"https:\/\/www.fresnillo.gob.mx\/noticias\/wp-content\/uploads\/2024\/12\/470229873_984663257028756_4519744985230548403_n-1024x682.jpg 1024w, https:\/\/www.fresnillo.gob.mx\/noticias\/wp-content\/uploads\/2024\/12\/470229873_984663257028756_4519744985230548403_n-300x200.jpg 300w, https:\/\/www.fresnillo.gob.mx\/noticias\/wp-content\/uploads\/2024\/12\/470229873_984663257028756_4519744985230548403_n-768x512.jpg 768w, https:\/\/www.fresnillo.gob.mx\/noticias\/wp-content\/uploads\/2024\/12\/470229873_984663257028756_4519744985230548403_n-1536x1023.jpg 1536w, https:\/\/www.fresnillo.gob.mx\/noticias\/wp-content\/uploads\/2024\/12\/470229873_984663257028756_4519744985230548403_n.jpg 1600w\" sizes=\"auto, (max-width: 1024px) 100vw, 1024px\" \/><\/figure>\n\n\n\n<figure class=\"wp-block-image size-large is-resized\"><img loading=\"lazy\" decoding=\"async\" width=\"1024\" height=\"675\" src=\"https:\/\/www.fresnillo.gob.mx\/noticias\/wp-content\/uploads\/2024\/12\/470230578_984662740362141_8838020291344396007_n-1-1024x675.jpg\" alt=\"\" class=\"wp-image-106\" style=\"width:320px;height:auto\" srcset=\"https:\/\/www.fresnillo.gob.mx\/noticias\/wp-content\/uploads\/2024\/12\/470230578_984662740362141_8838020291344396007_n-1-1024x675.jpg 1024w, https:\/\/www.fresnillo.gob.mx\/noticias\/wp-content\/uploads\/2024\/12\/470230578_984662740362141_8838020291344396007_n-1-300x198.jpg 300w, https:\/\/www.fresnillo.gob.mx\/noticias\/wp-content\/uploads\/2024\/12\/470230578_984662740362141_8838020291344396007_n-1-768x506.jpg 768w, https:\/\/www.fresnillo.gob.mx\/noticias\/wp-content\/uploads\/2024\/12\/470230578_984662740362141_8838020291344396007_n-1-1536x1012.jpg 1536w, https:\/\/www.fresnillo.gob.mx\/noticias\/wp-content\/uploads\/2024\/12\/470230578_984662740362141_8838020291344396007_n-1.jpg 1600w\" sizes=\"auto, (max-width: 1024px) 100vw, 1024px\" \/><\/figure>\n\n\n\n<p><strong>#JuntosFresnilloBienHecho #CelebremosJuntosLaNavidad<\/strong><\/p>\n\n\n\n<p><\/p>\n","protected":false},"excerpt":{"rendered":"<p>El esp\u00edritu navide\u00f1o lleg\u00f3 a Fresnillo con un espectacular Desfile Navide\u00f1o que llen\u00f3 de alegr\u00eda, m\u00fasica y color las principales [&hellip;]<\/p>\n","protected":false},"author":1,"featured_media":103,"comment_status":"closed","ping_status":"","sticky":false,"template":"","format":"standard","meta":{"site-sidebar-layout":"default","site-content-layout":"","ast-site-content-layout":"","site-content-style":"default","site-sidebar-style":"default","ast-global-header-display":"","ast-banner-title-visibility":"","ast-main-header-display":"","ast-hfb-above-header-display":"","ast-hfb-below-header-display":"","ast-hfb-mobile-header-display":"","site-post-title":"","ast-breadcrumbs-content":"","ast-featured-img":"","footer-sml-layout":"","theme-transparent-header-meta":"","adv-header-id-meta":"","stick-header-meta":"","header-above-stick-meta":"","header-main-stick-meta":"","header-below-stick-meta":"","astra-migrate-meta-layouts":"default","ast-page-background-enabled":"default","ast-page-background-meta":{"desktop":{"background-color":"var(--ast-global-color-5)","background-image":"","background-repeat":"repeat","background-position":"center center","background-size":"auto","background-attachment":"scroll","background-type":"","background-media":"","overlay-type":"","overlay-color":"","overlay-opacity":"","overlay-gradient":""},"tablet":{"background-color":"","background-image":"","background-repeat":"repeat","background-position":"center center","background-size":"auto","background-attachment":"scroll","background-type":"","background-media":"","overlay-type":"","overlay-color":"","overlay-opacity":"","overlay-gradient":""},"mobile":{"background-color":"","background-image":"","background-repeat":"repeat","background-position":"center center","background-size":"auto","background-attachment":"scroll","background-type":"","background-media":"","overlay-type":"","overlay-color":"","overlay-opacity":"","overlay-gradient":""}},"ast-content-background-meta":{"desktop":{"background-color":"var(--ast-global-color-4)","background-image":"","background-repeat":"repeat","background-position":"center center","background-size":"auto","background-attachment":"scroll","background-type":"","background-media":"","overlay-type":"","overlay-color":"","overlay-opacity":"","overlay-gradient":""},"tablet":{"background-color":"var(--ast-global-color-4)","background-image":"","background-repeat":"repeat","background-position":"center center","background-size":"auto","background-attachment":"scroll","background-type":"","background-media":"","overlay-type":"","overlay-color":"","overlay-opacity":"","overlay-gradient":""},"mobile":{"background-color":"var(--ast-global-color-4)","background-image":"","background-repeat":"repeat","background-position":"center center","background-size":"auto","background-attachment":"scroll","background-type":"","background-media":"","overlay-type":"","overlay-color":"","overlay-opacity":"","overlay-gradient":""}},"footnotes":""},"categories":[1],"tags":[],"class_list":["post-102","post","type-post","status-publish","format-standard","has-post-thumbnail","hentry","category-uncategorized"],"_links":{"self":[{"href":"https:\/\/www.fresnillo.gob.mx\/noticias\/wp-json\/wp\/v2\/posts\/102","targetHints":{"allow":["GET"]}}],"collection":[{"href":"https:\/\/www.fresnillo.gob.mx\/noticias\/wp-json\/wp\/v2\/posts"}],"about":[{"href":"https:\/\/www.fresnillo.gob.mx\/noticias\/wp-json\/wp\/v2\/types\/post"}],"author":[{"embeddable":true,"href":"https:\/\/www.fresnillo.gob.mx\/noticias\/wp-json\/wp\/v2\/users\/1"}],"replies":[{"embeddable":true,"href":"https:\/\/www.fresnillo.gob.mx\/noticias\/wp-json\/wp\/v2\/comments?post=102"}],"version-history":[{"count":1,"href":"https:\/\/www.fresnillo.gob.mx\/noticias\/wp-json\/wp\/v2\/posts\/102\/revisions"}],"predecessor-version":[{"id":107,"href":"https:\/\/www.fresnillo.gob.mx\/noticias\/wp-json\/wp\/v2\/posts\/102\/revisions\/107"}],"wp:featuredmedia":[{"embeddable":true,"href":"https:\/\/www.fresnillo.gob.mx\/noticias\/wp-json\/wp\/v2\/media\/103"}],"wp:attachment":[{"href":"https:\/\/www.fresnillo.gob.mx\/noticias\/wp-json\/wp\/v2\/media?parent=102"}],"wp:term":[{"taxonomy":"category","embeddable":true,"href":"https:\/\/www.fresnillo.gob.mx\/noticias\/wp-json\/wp\/v2\/categories?post=102"},{"taxonomy":"post_tag","embeddable":true,"href":"https:\/\/www.fresnillo.gob.mx\/noticias\/wp-json\/wp\/v2\/tags?post=102"}],"curies":[{"name":"wp","href":"https:\/\/api.w.org\/{rel}","templated":true}]}}