{"id":131,"date":"2024-12-24T09:09:24","date_gmt":"2024-12-24T15:09:24","guid":{"rendered":"https:\/\/www.fresnillo.gob.mx\/noticias\/?p=131"},"modified":"2025-01-21T13:53:28","modified_gmt":"2025-01-21T19:53:28","slug":"fresnillo-celebra-la-reubicacion-del-monumento-a-la-mineria","status":"publish","type":"post","link":"https:\/\/www.fresnillo.gob.mx\/noticias\/noticia\/fresnillo-celebra-la-reubicacion-del-monumento-a-la-mineria\/","title":{"rendered":"Fresnillo celebra la reubicaci\u00f3n del Monumento a la Miner\u00eda"},"content":{"rendered":"\n<figure class=\"wp-block-image size-large\"><img loading=\"lazy\" decoding=\"async\" width=\"1024\" height=\"683\" src=\"https:\/\/www.fresnillo.gob.mx\/noticias\/wp-content\/uploads\/2024\/12\/471200328_988367543324994_3363037989853735757_n-1024x683.jpg\" alt=\"\" class=\"wp-image-132\" srcset=\"https:\/\/www.fresnillo.gob.mx\/noticias\/wp-content\/uploads\/2024\/12\/471200328_988367543324994_3363037989853735757_n-1024x683.jpg 1024w, https:\/\/www.fresnillo.gob.mx\/noticias\/wp-content\/uploads\/2024\/12\/471200328_988367543324994_3363037989853735757_n-300x200.jpg 300w, https:\/\/www.fresnillo.gob.mx\/noticias\/wp-content\/uploads\/2024\/12\/471200328_988367543324994_3363037989853735757_n-768x512.jpg 768w, https:\/\/www.fresnillo.gob.mx\/noticias\/wp-content\/uploads\/2024\/12\/471200328_988367543324994_3363037989853735757_n-1536x1025.jpg 1536w, https:\/\/www.fresnillo.gob.mx\/noticias\/wp-content\/uploads\/2024\/12\/471200328_988367543324994_3363037989853735757_n.jpg 2048w\" sizes=\"auto, (max-width: 1024px) 100vw, 1024px\" \/><\/figure>\n\n\n\n<p>En un emotivo evento, <strong>Minera Fresnillo PLC<\/strong> inaugur\u00f3 la nueva ubicaci\u00f3n del <strong>Monumento a la Miner\u00eda<\/strong>, un s\u00edmbolo que honra la historia y el esfuerzo de los hombres y mujeres que han consolidado a Fresnillo como un <strong>l\u00edder mundial en la producci\u00f3n de plata<\/strong>.<\/p>\n\n\n\n<p>Este proyecto no solo reafirma nuestras ra\u00edces y tradiciones, sino que tambi\u00e9n proyecta un futuro lleno de fuerza y orgullo para <strong>El Mineral<\/strong>.<\/p>\n\n\n\n<p>\ud83d\ude4c <strong>Agradecimiento especial<\/strong> a todos los que hicieron posible esta obra que representa el coraz\u00f3n minero de Fresnillo.<\/p>\n\n\n\n<p>\u2728 \u00a1El Mineral sigue brillando con fuerza!<\/p>\n\n\n\n<p><strong>#FresnilloEsMiner\u00eda #NuestroOrgullo #FresnilloBienHecho<\/strong><\/p>\n","protected":false},"excerpt":{"rendered":"<p>En un emotivo evento, Minera Fresnillo PLC inaugur\u00f3 la nueva ubicaci\u00f3n del Monumento a la Miner\u00eda, un s\u00edmbolo que honra [&hellip;]<\/p>\n","protected":false},"author":2,"featured_media":132,"comment_status":"closed","ping_status":"","sticky":false,"template":"","format":"standard","meta":{"site-sidebar-layout":"default","site-content-layout":"","ast-site-content-layout":"","site-content-style":"default","site-sidebar-style":"default","ast-global-header-display":"","ast-banner-title-visibility":"","ast-main-header-display":"","ast-hfb-above-header-display":"","ast-hfb-below-header-display":"","ast-hfb-mobile-header-display":"","site-post-title":"","ast-breadcrumbs-content":"","ast-featured-img":"","footer-sml-layout":"","theme-transparent-header-meta":"","adv-header-id-meta":"","stick-header-meta":"","header-above-stick-meta":"","header-main-stick-meta":"","header-below-stick-meta":"","astra-migrate-meta-layouts":"default","ast-page-background-enabled":"default","ast-page-background-meta":{"desktop":{"background-color":"var(--ast-global-color-5)","background-image":"","background-repeat":"repeat","background-position":"center center","background-size":"auto","background-attachment":"scroll","background-type":"","background-media":"","overlay-type":"","overlay-color":"","overlay-opacity":"","overlay-gradient":""},"tablet":{"background-color":"","background-image":"","background-repeat":"repeat","background-position":"center center","background-size":"auto","background-attachment":"scroll","background-type":"","background-media":"","overlay-type":"","overlay-color":"","overlay-opacity":"","overlay-gradient":""},"mobile":{"background-color":"","background-image":"","background-repeat":"repeat","background-position":"center center","background-size":"auto","background-attachment":"scroll","background-type":"","background-media":"","overlay-type":"","overlay-color":"","overlay-opacity":"","overlay-gradient":""}},"ast-content-background-meta":{"desktop":{"background-color":"var(--ast-global-color-4)","background-image":"","background-repeat":"repeat","background-position":"center center","background-size":"auto","background-attachment":"scroll","background-type":"","background-media":"","overlay-type":"","overlay-color":"","overlay-opacity":"","overlay-gradient":""},"tablet":{"background-color":"var(--ast-global-color-4)","background-image":"","background-repeat":"repeat","background-position":"center center","background-size":"auto","background-attachment":"scroll","background-type":"","background-media":"","overlay-type":"","overlay-color":"","overlay-opacity":"","overlay-gradient":""},"mobile":{"background-color":"var(--ast-global-color-4)","background-image":"","background-repeat":"repeat","background-position":"center center","background-size":"auto","background-attachment":"scroll","background-type":"","background-media":"","overlay-type":"","overlay-color":"","overlay-opacity":"","overlay-gradient":""}},"footnotes":""},"categories":[5],"tags":[],"class_list":["post-131","post","type-post","status-publish","format-standard","has-post-thumbnail","hentry","category-noticia"],"_links":{"self":[{"href":"https:\/\/www.fresnillo.gob.mx\/noticias\/wp-json\/wp\/v2\/posts\/131","targetHints":{"allow":["GET"]}}],"collection":[{"href":"https:\/\/www.fresnillo.gob.mx\/noticias\/wp-json\/wp\/v2\/posts"}],"about":[{"href":"https:\/\/www.fresnillo.gob.mx\/noticias\/wp-json\/wp\/v2\/types\/post"}],"author":[{"embeddable":true,"href":"https:\/\/www.fresnillo.gob.mx\/noticias\/wp-json\/wp\/v2\/users\/2"}],"replies":[{"embeddable":true,"href":"https:\/\/www.fresnillo.gob.mx\/noticias\/wp-json\/wp\/v2\/comments?post=131"}],"version-history":[{"count":1,"href":"https:\/\/www.fresnillo.gob.mx\/noticias\/wp-json\/wp\/v2\/posts\/131\/revisions"}],"predecessor-version":[{"id":133,"href":"https:\/\/www.fresnillo.gob.mx\/noticias\/wp-json\/wp\/v2\/posts\/131\/revisions\/133"}],"wp:featuredmedia":[{"embeddable":true,"href":"https:\/\/www.fresnillo.gob.mx\/noticias\/wp-json\/wp\/v2\/media\/132"}],"wp:attachment":[{"href":"https:\/\/www.fresnillo.gob.mx\/noticias\/wp-json\/wp\/v2\/media?parent=131"}],"wp:term":[{"taxonomy":"category","embeddable":true,"href":"https:\/\/www.fresnillo.gob.mx\/noticias\/wp-json\/wp\/v2\/categories?post=131"},{"taxonomy":"post_tag","embeddable":true,"href":"https:\/\/www.fresnillo.gob.mx\/noticias\/wp-json\/wp\/v2\/tags?post=131"}],"curies":[{"name":"wp","href":"https:\/\/api.w.org\/{rel}","templated":true}]}}