{"id":143,"date":"2024-12-24T09:16:34","date_gmt":"2024-12-24T15:16:34","guid":{"rendered":"https:\/\/www.fresnillo.gob.mx\/noticias\/?p=143"},"modified":"2025-01-21T13:53:28","modified_gmt":"2025-01-21T19:53:28","slug":"fresnillo-cierra-su-festival-navideno-con-la-musica-de-la-fresnillo-big-band","status":"publish","type":"post","link":"https:\/\/www.fresnillo.gob.mx\/noticias\/noticia\/fresnillo-cierra-su-festival-navideno-con-la-musica-de-la-fresnillo-big-band\/","title":{"rendered":"Fresnillo cierra su festival navide\u00f1o con la m\u00fasica de la \u2018Fresnillo Big Band\u2019"},"content":{"rendered":"\n<figure class=\"wp-block-image size-large\"><img loading=\"lazy\" decoding=\"async\" width=\"1024\" height=\"683\" src=\"https:\/\/www.fresnillo.gob.mx\/noticias\/wp-content\/uploads\/2024\/12\/471243465_990532383108510_4336641702333087590_n-1024x683.jpg\" alt=\"\" class=\"wp-image-144\" srcset=\"https:\/\/www.fresnillo.gob.mx\/noticias\/wp-content\/uploads\/2024\/12\/471243465_990532383108510_4336641702333087590_n-1024x683.jpg 1024w, https:\/\/www.fresnillo.gob.mx\/noticias\/wp-content\/uploads\/2024\/12\/471243465_990532383108510_4336641702333087590_n-300x200.jpg 300w, https:\/\/www.fresnillo.gob.mx\/noticias\/wp-content\/uploads\/2024\/12\/471243465_990532383108510_4336641702333087590_n-768x512.jpg 768w, https:\/\/www.fresnillo.gob.mx\/noticias\/wp-content\/uploads\/2024\/12\/471243465_990532383108510_4336641702333087590_n-1536x1025.jpg 1536w, https:\/\/www.fresnillo.gob.mx\/noticias\/wp-content\/uploads\/2024\/12\/471243465_990532383108510_4336641702333087590_n.jpg 2048w\" sizes=\"auto, (max-width: 1024px) 100vw, 1024px\" \/><\/figure>\n\n\n\n<p>La <strong>orquesta Fresnillo Big Band<\/strong> fue la encargada de poner el broche de oro al festival navide\u00f1o del municipio, ofreciendo una velada inolvidable con un repertorio lleno de magia y tradici\u00f3n.<\/p>\n\n\n\n<p>\ud83c\udfb6 Durante la noche, los asistentes disfrutaron de melod\u00edas ic\u00f3nicas como:<\/p>\n\n\n\n<ul class=\"wp-block-list\">\n<li>White Christmas<\/li>\n\n\n\n<li>In The Mood<\/li>\n\n\n\n<li>Silent Night<\/li>\n\n\n\n<li>Flores Negras<\/li>\n\n\n\n<li>Jingle Bells, entre otras.<\/li>\n<\/ul>\n\n\n\n<p>El evento no solo cerr\u00f3 con m\u00fasica de calidad, sino que tambi\u00e9n reafirm\u00f3 el compromiso de Fresnillo por ofrecer espacios culturales que unen a la comunidad en estas fechas especiales.<\/p>\n\n\n\n<p><strong>#JuntosFresnilloBienHecho #CelebremosJuntosLaNavidad<\/strong><\/p>\n","protected":false},"excerpt":{"rendered":"<p>La orquesta Fresnillo Big Band fue la encargada de poner el broche de oro al festival navide\u00f1o del municipio, ofreciendo [&hellip;]<\/p>\n","protected":false},"author":2,"featured_media":144,"comment_status":"closed","ping_status":"","sticky":false,"template":"","format":"standard","meta":{"site-sidebar-layout":"default","site-content-layout":"","ast-site-content-layout":"","site-content-style":"default","site-sidebar-style":"default","ast-global-header-display":"","ast-banner-title-visibility":"","ast-main-header-display":"","ast-hfb-above-header-display":"","ast-hfb-below-header-display":"","ast-hfb-mobile-header-display":"","site-post-title":"","ast-breadcrumbs-content":"","ast-featured-img":"","footer-sml-layout":"","theme-transparent-header-meta":"","adv-header-id-meta":"","stick-header-meta":"","header-above-stick-meta":"","header-main-stick-meta":"","header-below-stick-meta":"","astra-migrate-meta-layouts":"default","ast-page-background-enabled":"default","ast-page-background-meta":{"desktop":{"background-color":"var(--ast-global-color-5)","background-image":"","background-repeat":"repeat","background-position":"center center","background-size":"auto","background-attachment":"scroll","background-type":"","background-media":"","overlay-type":"","overlay-color":"","overlay-opacity":"","overlay-gradient":""},"tablet":{"background-color":"","background-image":"","background-repeat":"repeat","background-position":"center center","background-size":"auto","background-attachment":"scroll","background-type":"","background-media":"","overlay-type":"","overlay-color":"","overlay-opacity":"","overlay-gradient":""},"mobile":{"background-color":"","background-image":"","background-repeat":"repeat","background-position":"center center","background-size":"auto","background-attachment":"scroll","background-type":"","background-media":"","overlay-type":"","overlay-color":"","overlay-opacity":"","overlay-gradient":""}},"ast-content-background-meta":{"desktop":{"background-color":"var(--ast-global-color-4)","background-image":"","background-repeat":"repeat","background-position":"center center","background-size":"auto","background-attachment":"scroll","background-type":"","background-media":"","overlay-type":"","overlay-color":"","overlay-opacity":"","overlay-gradient":""},"tablet":{"background-color":"var(--ast-global-color-4)","background-image":"","background-repeat":"repeat","background-position":"center center","background-size":"auto","background-attachment":"scroll","background-type":"","background-media":"","overlay-type":"","overlay-color":"","overlay-opacity":"","overlay-gradient":""},"mobile":{"background-color":"var(--ast-global-color-4)","background-image":"","background-repeat":"repeat","background-position":"center center","background-size":"auto","background-attachment":"scroll","background-type":"","background-media":"","overlay-type":"","overlay-color":"","overlay-opacity":"","overlay-gradient":""}},"footnotes":""},"categories":[5],"tags":[],"class_list":["post-143","post","type-post","status-publish","format-standard","has-post-thumbnail","hentry","category-noticia"],"_links":{"self":[{"href":"https:\/\/www.fresnillo.gob.mx\/noticias\/wp-json\/wp\/v2\/posts\/143","targetHints":{"allow":["GET"]}}],"collection":[{"href":"https:\/\/www.fresnillo.gob.mx\/noticias\/wp-json\/wp\/v2\/posts"}],"about":[{"href":"https:\/\/www.fresnillo.gob.mx\/noticias\/wp-json\/wp\/v2\/types\/post"}],"author":[{"embeddable":true,"href":"https:\/\/www.fresnillo.gob.mx\/noticias\/wp-json\/wp\/v2\/users\/2"}],"replies":[{"embeddable":true,"href":"https:\/\/www.fresnillo.gob.mx\/noticias\/wp-json\/wp\/v2\/comments?post=143"}],"version-history":[{"count":1,"href":"https:\/\/www.fresnillo.gob.mx\/noticias\/wp-json\/wp\/v2\/posts\/143\/revisions"}],"predecessor-version":[{"id":145,"href":"https:\/\/www.fresnillo.gob.mx\/noticias\/wp-json\/wp\/v2\/posts\/143\/revisions\/145"}],"wp:featuredmedia":[{"embeddable":true,"href":"https:\/\/www.fresnillo.gob.mx\/noticias\/wp-json\/wp\/v2\/media\/144"}],"wp:attachment":[{"href":"https:\/\/www.fresnillo.gob.mx\/noticias\/wp-json\/wp\/v2\/media?parent=143"}],"wp:term":[{"taxonomy":"category","embeddable":true,"href":"https:\/\/www.fresnillo.gob.mx\/noticias\/wp-json\/wp\/v2\/categories?post=143"},{"taxonomy":"post_tag","embeddable":true,"href":"https:\/\/www.fresnillo.gob.mx\/noticias\/wp-json\/wp\/v2\/tags?post=143"}],"curies":[{"name":"wp","href":"https:\/\/api.w.org\/{rel}","templated":true}]}}