{"id":174,"date":"2025-01-15T08:36:25","date_gmt":"2025-01-15T14:36:25","guid":{"rendered":"https:\/\/www.fresnillo.gob.mx\/noticias\/?p=174"},"modified":"2025-01-21T13:53:27","modified_gmt":"2025-01-21T19:53:27","slug":"13-de-enero-dia-de-la-lucha-contra-la-depresion","status":"publish","type":"post","link":"https:\/\/www.fresnillo.gob.mx\/noticias\/noticia\/13-de-enero-dia-de-la-lucha-contra-la-depresion\/","title":{"rendered":"13 de enero: D\u00eda de la Lucha contra la Depresi\u00f3n"},"content":{"rendered":"\n<figure class=\"wp-block-image size-large\"><img loading=\"lazy\" decoding=\"async\" width=\"1024\" height=\"1024\" src=\"https:\/\/www.fresnillo.gob.mx\/noticias\/wp-content\/uploads\/2025\/01\/473385214_1005257111636037_8418856144706832166_n-1024x1024.jpg\" alt=\"\" class=\"wp-image-175\" srcset=\"https:\/\/www.fresnillo.gob.mx\/noticias\/wp-content\/uploads\/2025\/01\/473385214_1005257111636037_8418856144706832166_n-1024x1024.jpg 1024w, https:\/\/www.fresnillo.gob.mx\/noticias\/wp-content\/uploads\/2025\/01\/473385214_1005257111636037_8418856144706832166_n-300x300.jpg 300w, https:\/\/www.fresnillo.gob.mx\/noticias\/wp-content\/uploads\/2025\/01\/473385214_1005257111636037_8418856144706832166_n-150x150.jpg 150w, https:\/\/www.fresnillo.gob.mx\/noticias\/wp-content\/uploads\/2025\/01\/473385214_1005257111636037_8418856144706832166_n-768x768.jpg 768w, https:\/\/www.fresnillo.gob.mx\/noticias\/wp-content\/uploads\/2025\/01\/473385214_1005257111636037_8418856144706832166_n-1536x1536.jpg 1536w, https:\/\/www.fresnillo.gob.mx\/noticias\/wp-content\/uploads\/2025\/01\/473385214_1005257111636037_8418856144706832166_n.jpg 1600w\" sizes=\"auto, (max-width: 1024px) 100vw, 1024px\" \/><\/figure>\n\n\n\n<p>El d\u00eda <strong>13 de enero<\/strong>, conmemoramos el <strong>D\u00eda de la Lucha contra la Depresi\u00f3n<\/strong>, un recordatorio de la importancia de cuidar nuestra <strong>salud mental<\/strong> y de alzar la voz para romper el silencio.<\/p>\n\n\n\n<p>\u2728 La depresi\u00f3n puede ser superada con apoyo, comprensi\u00f3n y acceso a herramientas adecuadas. Recuerda que no est\u00e1s solo. Juntos, podemos vencerla.<\/p>\n\n\n\n<p>\ud83d\udc9a <strong>Cuidemos nuestra salud mental. Hablar es el primer paso.<\/strong><\/p>\n\n\n\n<p><strong>#D\u00edaDeLaLuchaContraLaDepresi\u00f3n #SaludMental #JuntosFresnilloBienHecho<\/strong><\/p>\n","protected":false},"excerpt":{"rendered":"<p>El d\u00eda 13 de enero, conmemoramos el D\u00eda de la Lucha contra la Depresi\u00f3n, un recordatorio de la importancia de [&hellip;]<\/p>\n","protected":false},"author":2,"featured_media":175,"comment_status":"closed","ping_status":"","sticky":false,"template":"","format":"standard","meta":{"site-sidebar-layout":"default","site-content-layout":"","ast-site-content-layout":"","site-content-style":"default","site-sidebar-style":"default","ast-global-header-display":"","ast-banner-title-visibility":"","ast-main-header-display":"","ast-hfb-above-header-display":"","ast-hfb-below-header-display":"","ast-hfb-mobile-header-display":"","site-post-title":"","ast-breadcrumbs-content":"","ast-featured-img":"","footer-sml-layout":"","theme-transparent-header-meta":"","adv-header-id-meta":"","stick-header-meta":"","header-above-stick-meta":"","header-main-stick-meta":"","header-below-stick-meta":"","astra-migrate-meta-layouts":"default","ast-page-background-enabled":"default","ast-page-background-meta":{"desktop":{"background-color":"var(--ast-global-color-5)","background-image":"","background-repeat":"repeat","background-position":"center center","background-size":"auto","background-attachment":"scroll","background-type":"","background-media":"","overlay-type":"","overlay-color":"","overlay-opacity":"","overlay-gradient":""},"tablet":{"background-color":"","background-image":"","background-repeat":"repeat","background-position":"center center","background-size":"auto","background-attachment":"scroll","background-type":"","background-media":"","overlay-type":"","overlay-color":"","overlay-opacity":"","overlay-gradient":""},"mobile":{"background-color":"","background-image":"","background-repeat":"repeat","background-position":"center center","background-size":"auto","background-attachment":"scroll","background-type":"","background-media":"","overlay-type":"","overlay-color":"","overlay-opacity":"","overlay-gradient":""}},"ast-content-background-meta":{"desktop":{"background-color":"var(--ast-global-color-4)","background-image":"","background-repeat":"repeat","background-position":"center center","background-size":"auto","background-attachment":"scroll","background-type":"","background-media":"","overlay-type":"","overlay-color":"","overlay-opacity":"","overlay-gradient":""},"tablet":{"background-color":"var(--ast-global-color-4)","background-image":"","background-repeat":"repeat","background-position":"center center","background-size":"auto","background-attachment":"scroll","background-type":"","background-media":"","overlay-type":"","overlay-color":"","overlay-opacity":"","overlay-gradient":""},"mobile":{"background-color":"var(--ast-global-color-4)","background-image":"","background-repeat":"repeat","background-position":"center center","background-size":"auto","background-attachment":"scroll","background-type":"","background-media":"","overlay-type":"","overlay-color":"","overlay-opacity":"","overlay-gradient":""}},"footnotes":""},"categories":[5],"tags":[],"class_list":["post-174","post","type-post","status-publish","format-standard","has-post-thumbnail","hentry","category-noticia"],"_links":{"self":[{"href":"https:\/\/www.fresnillo.gob.mx\/noticias\/wp-json\/wp\/v2\/posts\/174","targetHints":{"allow":["GET"]}}],"collection":[{"href":"https:\/\/www.fresnillo.gob.mx\/noticias\/wp-json\/wp\/v2\/posts"}],"about":[{"href":"https:\/\/www.fresnillo.gob.mx\/noticias\/wp-json\/wp\/v2\/types\/post"}],"author":[{"embeddable":true,"href":"https:\/\/www.fresnillo.gob.mx\/noticias\/wp-json\/wp\/v2\/users\/2"}],"replies":[{"embeddable":true,"href":"https:\/\/www.fresnillo.gob.mx\/noticias\/wp-json\/wp\/v2\/comments?post=174"}],"version-history":[{"count":1,"href":"https:\/\/www.fresnillo.gob.mx\/noticias\/wp-json\/wp\/v2\/posts\/174\/revisions"}],"predecessor-version":[{"id":176,"href":"https:\/\/www.fresnillo.gob.mx\/noticias\/wp-json\/wp\/v2\/posts\/174\/revisions\/176"}],"wp:featuredmedia":[{"embeddable":true,"href":"https:\/\/www.fresnillo.gob.mx\/noticias\/wp-json\/wp\/v2\/media\/175"}],"wp:attachment":[{"href":"https:\/\/www.fresnillo.gob.mx\/noticias\/wp-json\/wp\/v2\/media?parent=174"}],"wp:term":[{"taxonomy":"category","embeddable":true,"href":"https:\/\/www.fresnillo.gob.mx\/noticias\/wp-json\/wp\/v2\/categories?post=174"},{"taxonomy":"post_tag","embeddable":true,"href":"https:\/\/www.fresnillo.gob.mx\/noticias\/wp-json\/wp\/v2\/tags?post=174"}],"curies":[{"name":"wp","href":"https:\/\/api.w.org\/{rel}","templated":true}]}}