{"id":189,"date":"2025-01-15T08:45:23","date_gmt":"2025-01-15T14:45:23","guid":{"rendered":"https:\/\/www.fresnillo.gob.mx\/noticias\/?p=189"},"modified":"2025-01-21T13:53:27","modified_gmt":"2025-01-21T19:53:27","slug":"homenaje-postumo-a-claudio-trejo-herrera","status":"publish","type":"post","link":"https:\/\/www.fresnillo.gob.mx\/noticias\/noticia\/homenaje-postumo-a-claudio-trejo-herrera\/","title":{"rendered":"Homenaje P\u00f3stumo a Claudio Trejo Herrera"},"content":{"rendered":"\n<figure class=\"wp-block-image size-large\"><img loading=\"lazy\" decoding=\"async\" width=\"1024\" height=\"1024\" src=\"https:\/\/www.fresnillo.gob.mx\/noticias\/wp-content\/uploads\/2025\/01\/473700204_1006261431535605_4985263695126282031_n-1024x1024.jpg\" alt=\"\" class=\"wp-image-190\" srcset=\"https:\/\/www.fresnillo.gob.mx\/noticias\/wp-content\/uploads\/2025\/01\/473700204_1006261431535605_4985263695126282031_n-1024x1024.jpg 1024w, https:\/\/www.fresnillo.gob.mx\/noticias\/wp-content\/uploads\/2025\/01\/473700204_1006261431535605_4985263695126282031_n-300x300.jpg 300w, https:\/\/www.fresnillo.gob.mx\/noticias\/wp-content\/uploads\/2025\/01\/473700204_1006261431535605_4985263695126282031_n-150x150.jpg 150w, https:\/\/www.fresnillo.gob.mx\/noticias\/wp-content\/uploads\/2025\/01\/473700204_1006261431535605_4985263695126282031_n-768x768.jpg 768w, https:\/\/www.fresnillo.gob.mx\/noticias\/wp-content\/uploads\/2025\/01\/473700204_1006261431535605_4985263695126282031_n-1536x1536.jpg 1536w, https:\/\/www.fresnillo.gob.mx\/noticias\/wp-content\/uploads\/2025\/01\/473700204_1006261431535605_4985263695126282031_n.jpg 1600w\" sizes=\"auto, (max-width: 1024px) 100vw, 1024px\" \/><\/figure>\n\n\n\n<p>El <strong>Instituto Municipal de Cultura<\/strong> invita a toda la ciudadan\u00eda a ser parte de un emotivo homenaje en honor a <strong>Claudio Trejo Herrera<\/strong>, como reconocimiento a su incansable labor y el valioso legado que deja en Fresnillo.<\/p>\n\n\n\n<p>\ud83d\udcc5 <strong>Fecha<\/strong>: 17 de enero de 2025<br>\u23f0 <strong>Hora<\/strong>: 12:00 hrs<br>\ud83d\udccd <strong>Lugar<\/strong>: \u00c1gora Jos\u00e9 Gonz\u00e1lez Echeverr\u00eda (Sal\u00f3n de usos m\u00faltiples)<\/p>\n\n\n\n<p>Acomp\u00e1\u00f1anos a rendir tributo a una vida dedicada a la cultura y el servicio a la comunidad.<\/p>\n\n\n\n<p><strong>#JuntosFresnilloBienHecho #CulturaFresnillo<\/strong><\/p>\n","protected":false},"excerpt":{"rendered":"<p>El Instituto Municipal de Cultura invita a toda la ciudadan\u00eda a ser parte de un emotivo homenaje en honor a [&hellip;]<\/p>\n","protected":false},"author":2,"featured_media":190,"comment_status":"closed","ping_status":"","sticky":false,"template":"","format":"standard","meta":{"site-sidebar-layout":"default","site-content-layout":"","ast-site-content-layout":"","site-content-style":"default","site-sidebar-style":"default","ast-global-header-display":"","ast-banner-title-visibility":"","ast-main-header-display":"","ast-hfb-above-header-display":"","ast-hfb-below-header-display":"","ast-hfb-mobile-header-display":"","site-post-title":"","ast-breadcrumbs-content":"","ast-featured-img":"","footer-sml-layout":"","theme-transparent-header-meta":"","adv-header-id-meta":"","stick-header-meta":"","header-above-stick-meta":"","header-main-stick-meta":"","header-below-stick-meta":"","astra-migrate-meta-layouts":"default","ast-page-background-enabled":"default","ast-page-background-meta":{"desktop":{"background-color":"var(--ast-global-color-5)","background-image":"","background-repeat":"repeat","background-position":"center center","background-size":"auto","background-attachment":"scroll","background-type":"","background-media":"","overlay-type":"","overlay-color":"","overlay-opacity":"","overlay-gradient":""},"tablet":{"background-color":"","background-image":"","background-repeat":"repeat","background-position":"center center","background-size":"auto","background-attachment":"scroll","background-type":"","background-media":"","overlay-type":"","overlay-color":"","overlay-opacity":"","overlay-gradient":""},"mobile":{"background-color":"","background-image":"","background-repeat":"repeat","background-position":"center center","background-size":"auto","background-attachment":"scroll","background-type":"","background-media":"","overlay-type":"","overlay-color":"","overlay-opacity":"","overlay-gradient":""}},"ast-content-background-meta":{"desktop":{"background-color":"var(--ast-global-color-4)","background-image":"","background-repeat":"repeat","background-position":"center center","background-size":"auto","background-attachment":"scroll","background-type":"","background-media":"","overlay-type":"","overlay-color":"","overlay-opacity":"","overlay-gradient":""},"tablet":{"background-color":"var(--ast-global-color-4)","background-image":"","background-repeat":"repeat","background-position":"center center","background-size":"auto","background-attachment":"scroll","background-type":"","background-media":"","overlay-type":"","overlay-color":"","overlay-opacity":"","overlay-gradient":""},"mobile":{"background-color":"var(--ast-global-color-4)","background-image":"","background-repeat":"repeat","background-position":"center center","background-size":"auto","background-attachment":"scroll","background-type":"","background-media":"","overlay-type":"","overlay-color":"","overlay-opacity":"","overlay-gradient":""}},"footnotes":""},"categories":[5],"tags":[],"class_list":["post-189","post","type-post","status-publish","format-standard","has-post-thumbnail","hentry","category-noticia"],"_links":{"self":[{"href":"https:\/\/www.fresnillo.gob.mx\/noticias\/wp-json\/wp\/v2\/posts\/189","targetHints":{"allow":["GET"]}}],"collection":[{"href":"https:\/\/www.fresnillo.gob.mx\/noticias\/wp-json\/wp\/v2\/posts"}],"about":[{"href":"https:\/\/www.fresnillo.gob.mx\/noticias\/wp-json\/wp\/v2\/types\/post"}],"author":[{"embeddable":true,"href":"https:\/\/www.fresnillo.gob.mx\/noticias\/wp-json\/wp\/v2\/users\/2"}],"replies":[{"embeddable":true,"href":"https:\/\/www.fresnillo.gob.mx\/noticias\/wp-json\/wp\/v2\/comments?post=189"}],"version-history":[{"count":1,"href":"https:\/\/www.fresnillo.gob.mx\/noticias\/wp-json\/wp\/v2\/posts\/189\/revisions"}],"predecessor-version":[{"id":191,"href":"https:\/\/www.fresnillo.gob.mx\/noticias\/wp-json\/wp\/v2\/posts\/189\/revisions\/191"}],"wp:featuredmedia":[{"embeddable":true,"href":"https:\/\/www.fresnillo.gob.mx\/noticias\/wp-json\/wp\/v2\/media\/190"}],"wp:attachment":[{"href":"https:\/\/www.fresnillo.gob.mx\/noticias\/wp-json\/wp\/v2\/media?parent=189"}],"wp:term":[{"taxonomy":"category","embeddable":true,"href":"https:\/\/www.fresnillo.gob.mx\/noticias\/wp-json\/wp\/v2\/categories?post=189"},{"taxonomy":"post_tag","embeddable":true,"href":"https:\/\/www.fresnillo.gob.mx\/noticias\/wp-json\/wp\/v2\/tags?post=189"}],"curies":[{"name":"wp","href":"https:\/\/api.w.org\/{rel}","templated":true}]}}