{"id":734,"date":"2025-05-29T08:27:17","date_gmt":"2025-05-29T14:27:17","guid":{"rendered":"https:\/\/www.fresnillo.gob.mx\/noticias\/?p=734"},"modified":"2025-05-29T08:27:17","modified_gmt":"2025-05-29T14:27:17","slug":"el-ayuntamiento-de-fresnillo-garantiza-mejores-condiciones-laborales-con-aumento-salarial-y-entrega-de-uniformes","status":"publish","type":"post","link":"https:\/\/www.fresnillo.gob.mx\/noticias\/uncategorized\/el-ayuntamiento-de-fresnillo-garantiza-mejores-condiciones-laborales-con-aumento-salarial-y-entrega-de-uniformes\/","title":{"rendered":"El Ayuntamiento de Fresnillo garantiza mejores condiciones laborales con aumento salarial y entrega de uniformes"},"content":{"rendered":"\n<figure class=\"wp-block-image size-large\"><img loading=\"lazy\" decoding=\"async\" width=\"1024\" height=\"682\" src=\"https:\/\/www.fresnillo.gob.mx\/noticias\/wp-content\/uploads\/2025\/05\/502473296_1110022401159507_4458859970690798863_n-1024x682.jpg\" alt=\"\" class=\"wp-image-735\" srcset=\"https:\/\/www.fresnillo.gob.mx\/noticias\/wp-content\/uploads\/2025\/05\/502473296_1110022401159507_4458859970690798863_n-1024x682.jpg 1024w, https:\/\/www.fresnillo.gob.mx\/noticias\/wp-content\/uploads\/2025\/05\/502473296_1110022401159507_4458859970690798863_n-300x200.jpg 300w, https:\/\/www.fresnillo.gob.mx\/noticias\/wp-content\/uploads\/2025\/05\/502473296_1110022401159507_4458859970690798863_n-768x512.jpg 768w, https:\/\/www.fresnillo.gob.mx\/noticias\/wp-content\/uploads\/2025\/05\/502473296_1110022401159507_4458859970690798863_n.jpg 1280w\" sizes=\"auto, (max-width: 1024px) 100vw, 1024px\" \/><\/figure>\n\n\n\n<p>Con el firme compromiso de fortalecer las condiciones laborales del personal municipal, se firm\u00f3 el convenio de prestaciones econ\u00f3micas que incluye un incremento salarial del 6% para las y los trabajadores del Ayuntamiento de Fresnillo.<\/p>\n\n\n\n<p>Adem\u00e1s, contin\u00faa la entrega de uniformes como parte de la dignificaci\u00f3n del servicio p\u00fablico y el reconocimiento al esfuerzo diario del personal en sus distintas \u00e1reas.<\/p>\n\n\n\n<p>Estas acciones reafirman el compromiso de esta administraci\u00f3n con el bienestar, la calidad laboral y la justicia salarial de quienes hacen posible el funcionamiento del municipio.<\/p>\n\n\n\n<p>#JuntosFresnilloBienHecho<\/p>\n\n\n\n<p> #BienestarLaboral<\/p>\n","protected":false},"excerpt":{"rendered":"<p>Con el firme compromiso de fortalecer las condiciones laborales del personal municipal, se firm\u00f3 el convenio de prestaciones econ\u00f3micas que [&hellip;]<\/p>\n","protected":false},"author":1,"featured_media":735,"comment_status":"closed","ping_status":"","sticky":false,"template":"","format":"standard","meta":{"site-sidebar-layout":"default","site-content-layout":"","ast-site-content-layout":"","site-content-style":"default","site-sidebar-style":"default","ast-global-header-display":"","ast-banner-title-visibility":"","ast-main-header-display":"","ast-hfb-above-header-display":"","ast-hfb-below-header-display":"","ast-hfb-mobile-header-display":"","site-post-title":"","ast-breadcrumbs-content":"","ast-featured-img":"","footer-sml-layout":"","theme-transparent-header-meta":"","adv-header-id-meta":"","stick-header-meta":"","header-above-stick-meta":"","header-main-stick-meta":"","header-below-stick-meta":"","astra-migrate-meta-layouts":"default","ast-page-background-enabled":"default","ast-page-background-meta":{"desktop":{"background-color":"var(--ast-global-color-5)","background-image":"","background-repeat":"repeat","background-position":"center center","background-size":"auto","background-attachment":"scroll","background-type":"","background-media":"","overlay-type":"","overlay-color":"","overlay-opacity":"","overlay-gradient":""},"tablet":{"background-color":"","background-image":"","background-repeat":"repeat","background-position":"center center","background-size":"auto","background-attachment":"scroll","background-type":"","background-media":"","overlay-type":"","overlay-color":"","overlay-opacity":"","overlay-gradient":""},"mobile":{"background-color":"","background-image":"","background-repeat":"repeat","background-position":"center center","background-size":"auto","background-attachment":"scroll","background-type":"","background-media":"","overlay-type":"","overlay-color":"","overlay-opacity":"","overlay-gradient":""}},"ast-content-background-meta":{"desktop":{"background-color":"var(--ast-global-color-4)","background-image":"","background-repeat":"repeat","background-position":"center center","background-size":"auto","background-attachment":"scroll","background-type":"","background-media":"","overlay-type":"","overlay-color":"","overlay-opacity":"","overlay-gradient":""},"tablet":{"background-color":"var(--ast-global-color-4)","background-image":"","background-repeat":"repeat","background-position":"center center","background-size":"auto","background-attachment":"scroll","background-type":"","background-media":"","overlay-type":"","overlay-color":"","overlay-opacity":"","overlay-gradient":""},"mobile":{"background-color":"var(--ast-global-color-4)","background-image":"","background-repeat":"repeat","background-position":"center center","background-size":"auto","background-attachment":"scroll","background-type":"","background-media":"","overlay-type":"","overlay-color":"","overlay-opacity":"","overlay-gradient":""}},"footnotes":""},"categories":[1],"tags":[],"class_list":["post-734","post","type-post","status-publish","format-standard","has-post-thumbnail","hentry","category-uncategorized"],"_links":{"self":[{"href":"https:\/\/www.fresnillo.gob.mx\/noticias\/wp-json\/wp\/v2\/posts\/734","targetHints":{"allow":["GET"]}}],"collection":[{"href":"https:\/\/www.fresnillo.gob.mx\/noticias\/wp-json\/wp\/v2\/posts"}],"about":[{"href":"https:\/\/www.fresnillo.gob.mx\/noticias\/wp-json\/wp\/v2\/types\/post"}],"author":[{"embeddable":true,"href":"https:\/\/www.fresnillo.gob.mx\/noticias\/wp-json\/wp\/v2\/users\/1"}],"replies":[{"embeddable":true,"href":"https:\/\/www.fresnillo.gob.mx\/noticias\/wp-json\/wp\/v2\/comments?post=734"}],"version-history":[{"count":1,"href":"https:\/\/www.fresnillo.gob.mx\/noticias\/wp-json\/wp\/v2\/posts\/734\/revisions"}],"predecessor-version":[{"id":736,"href":"https:\/\/www.fresnillo.gob.mx\/noticias\/wp-json\/wp\/v2\/posts\/734\/revisions\/736"}],"wp:featuredmedia":[{"embeddable":true,"href":"https:\/\/www.fresnillo.gob.mx\/noticias\/wp-json\/wp\/v2\/media\/735"}],"wp:attachment":[{"href":"https:\/\/www.fresnillo.gob.mx\/noticias\/wp-json\/wp\/v2\/media?parent=734"}],"wp:term":[{"taxonomy":"category","embeddable":true,"href":"https:\/\/www.fresnillo.gob.mx\/noticias\/wp-json\/wp\/v2\/categories?post=734"},{"taxonomy":"post_tag","embeddable":true,"href":"https:\/\/www.fresnillo.gob.mx\/noticias\/wp-json\/wp\/v2\/tags?post=734"}],"curies":[{"name":"wp","href":"https:\/\/api.w.org\/{rel}","templated":true}]}}