{"id":738,"date":"2025-06-04T08:44:38","date_gmt":"2025-06-04T14:44:38","guid":{"rendered":"https:\/\/www.fresnillo.gob.mx\/noticias\/?p=738"},"modified":"2025-06-04T08:44:38","modified_gmt":"2025-06-04T14:44:38","slug":"fresnillo-impulsa-el-dialogo-academico-y-ambiental-en-el-v-simposio-nacional-de-biotecnologia","status":"publish","type":"post","link":"https:\/\/www.fresnillo.gob.mx\/noticias\/uncategorized\/fresnillo-impulsa-el-dialogo-academico-y-ambiental-en-el-v-simposio-nacional-de-biotecnologia\/","title":{"rendered":"Fresnillo impulsa el di\u00e1logo acad\u00e9mico y ambiental en el V Simposio Nacional de Biotecnolog\u00eda"},"content":{"rendered":"\n<figure class=\"wp-block-image size-full\"><img loading=\"lazy\" decoding=\"async\" width=\"853\" height=\"568\" src=\"https:\/\/www.fresnillo.gob.mx\/noticias\/wp-content\/uploads\/2025\/06\/502213449_18163285438355651_3492456359179117996_n.jpg\" alt=\"\" class=\"wp-image-739\" srcset=\"https:\/\/www.fresnillo.gob.mx\/noticias\/wp-content\/uploads\/2025\/06\/502213449_18163285438355651_3492456359179117996_n.jpg 853w, https:\/\/www.fresnillo.gob.mx\/noticias\/wp-content\/uploads\/2025\/06\/502213449_18163285438355651_3492456359179117996_n-300x200.jpg 300w, https:\/\/www.fresnillo.gob.mx\/noticias\/wp-content\/uploads\/2025\/06\/502213449_18163285438355651_3492456359179117996_n-768x511.jpg 768w\" sizes=\"auto, (max-width: 853px) 100vw, 853px\" \/><\/figure>\n\n\n\n<p>El presidente municipal Javier Torres Rodr\u00edguez particip\u00f3 en la inauguraci\u00f3n del V Simposio Nacional de \u00c1reas de Biotecnolog\u00eda: \u201cAplicaciones en el Cuidado del Agua y del Medio Ambiente\u201d, organizado por la Universidad Polit\u00e9cnica de Zacatecas (UPZ).<\/p>\n\n\n\n<p>Este espacio reuni\u00f3 a estudiantes, especialistas e instituciones con el objetivo de compartir experiencias, conocimientos y soluciones ante los desaf\u00edos ambientales actuales, especialmente en el uso sostenible del agua.<\/p>\n\n\n\n<p>Desde Fresnillo seguimos fortaleciendo la vinculaci\u00f3n acad\u00e9mica y cient\u00edfica para contribuir a un futuro m\u00e1s responsable y sustentable.<\/p>\n\n\n\n<p>#JuntosFresnilloBienHecho<\/p>\n","protected":false},"excerpt":{"rendered":"<p>El presidente municipal Javier Torres Rodr\u00edguez particip\u00f3 en la inauguraci\u00f3n del V Simposio Nacional de \u00c1reas de Biotecnolog\u00eda: \u201cAplicaciones en [&hellip;]<\/p>\n","protected":false},"author":1,"featured_media":739,"comment_status":"closed","ping_status":"","sticky":false,"template":"","format":"standard","meta":{"site-sidebar-layout":"default","site-content-layout":"","ast-site-content-layout":"","site-content-style":"default","site-sidebar-style":"default","ast-global-header-display":"","ast-banner-title-visibility":"","ast-main-header-display":"","ast-hfb-above-header-display":"","ast-hfb-below-header-display":"","ast-hfb-mobile-header-display":"","site-post-title":"","ast-breadcrumbs-content":"","ast-featured-img":"","footer-sml-layout":"","theme-transparent-header-meta":"","adv-header-id-meta":"","stick-header-meta":"","header-above-stick-meta":"","header-main-stick-meta":"","header-below-stick-meta":"","astra-migrate-meta-layouts":"default","ast-page-background-enabled":"default","ast-page-background-meta":{"desktop":{"background-color":"var(--ast-global-color-5)","background-image":"","background-repeat":"repeat","background-position":"center center","background-size":"auto","background-attachment":"scroll","background-type":"","background-media":"","overlay-type":"","overlay-color":"","overlay-opacity":"","overlay-gradient":""},"tablet":{"background-color":"","background-image":"","background-repeat":"repeat","background-position":"center center","background-size":"auto","background-attachment":"scroll","background-type":"","background-media":"","overlay-type":"","overlay-color":"","overlay-opacity":"","overlay-gradient":""},"mobile":{"background-color":"","background-image":"","background-repeat":"repeat","background-position":"center center","background-size":"auto","background-attachment":"scroll","background-type":"","background-media":"","overlay-type":"","overlay-color":"","overlay-opacity":"","overlay-gradient":""}},"ast-content-background-meta":{"desktop":{"background-color":"var(--ast-global-color-4)","background-image":"","background-repeat":"repeat","background-position":"center center","background-size":"auto","background-attachment":"scroll","background-type":"","background-media":"","overlay-type":"","overlay-color":"","overlay-opacity":"","overlay-gradient":""},"tablet":{"background-color":"var(--ast-global-color-4)","background-image":"","background-repeat":"repeat","background-position":"center center","background-size":"auto","background-attachment":"scroll","background-type":"","background-media":"","overlay-type":"","overlay-color":"","overlay-opacity":"","overlay-gradient":""},"mobile":{"background-color":"var(--ast-global-color-4)","background-image":"","background-repeat":"repeat","background-position":"center center","background-size":"auto","background-attachment":"scroll","background-type":"","background-media":"","overlay-type":"","overlay-color":"","overlay-opacity":"","overlay-gradient":""}},"footnotes":""},"categories":[1],"tags":[],"class_list":["post-738","post","type-post","status-publish","format-standard","has-post-thumbnail","hentry","category-uncategorized"],"_links":{"self":[{"href":"https:\/\/www.fresnillo.gob.mx\/noticias\/wp-json\/wp\/v2\/posts\/738","targetHints":{"allow":["GET"]}}],"collection":[{"href":"https:\/\/www.fresnillo.gob.mx\/noticias\/wp-json\/wp\/v2\/posts"}],"about":[{"href":"https:\/\/www.fresnillo.gob.mx\/noticias\/wp-json\/wp\/v2\/types\/post"}],"author":[{"embeddable":true,"href":"https:\/\/www.fresnillo.gob.mx\/noticias\/wp-json\/wp\/v2\/users\/1"}],"replies":[{"embeddable":true,"href":"https:\/\/www.fresnillo.gob.mx\/noticias\/wp-json\/wp\/v2\/comments?post=738"}],"version-history":[{"count":1,"href":"https:\/\/www.fresnillo.gob.mx\/noticias\/wp-json\/wp\/v2\/posts\/738\/revisions"}],"predecessor-version":[{"id":740,"href":"https:\/\/www.fresnillo.gob.mx\/noticias\/wp-json\/wp\/v2\/posts\/738\/revisions\/740"}],"wp:featuredmedia":[{"embeddable":true,"href":"https:\/\/www.fresnillo.gob.mx\/noticias\/wp-json\/wp\/v2\/media\/739"}],"wp:attachment":[{"href":"https:\/\/www.fresnillo.gob.mx\/noticias\/wp-json\/wp\/v2\/media?parent=738"}],"wp:term":[{"taxonomy":"category","embeddable":true,"href":"https:\/\/www.fresnillo.gob.mx\/noticias\/wp-json\/wp\/v2\/categories?post=738"},{"taxonomy":"post_tag","embeddable":true,"href":"https:\/\/www.fresnillo.gob.mx\/noticias\/wp-json\/wp\/v2\/tags?post=738"}],"curies":[{"name":"wp","href":"https:\/\/api.w.org\/{rel}","templated":true}]}}