{"id":744,"date":"2025-06-04T08:52:15","date_gmt":"2025-06-04T14:52:15","guid":{"rendered":"https:\/\/www.fresnillo.gob.mx\/noticias\/?p=744"},"modified":"2025-06-04T08:52:15","modified_gmt":"2025-06-04T14:52:15","slug":"participa-en-el-festin-del-antojo-fresnillo-2025","status":"publish","type":"post","link":"https:\/\/www.fresnillo.gob.mx\/noticias\/uncategorized\/participa-en-el-festin-del-antojo-fresnillo-2025\/","title":{"rendered":"\u00a1Participa en el Fest\u00edn del Antojo Fresnillo 2025!"},"content":{"rendered":"\n<figure class=\"wp-block-image size-full is-resized\"><img loading=\"lazy\" decoding=\"async\" width=\"480\" height=\"600\" src=\"https:\/\/www.fresnillo.gob.mx\/noticias\/wp-content\/uploads\/2025\/06\/503961687_1114723204022760_5212802568584872996_n-1.jpg\" alt=\"\" class=\"wp-image-749\" style=\"width:485px;height:auto\" srcset=\"https:\/\/www.fresnillo.gob.mx\/noticias\/wp-content\/uploads\/2025\/06\/503961687_1114723204022760_5212802568584872996_n-1.jpg 480w, https:\/\/www.fresnillo.gob.mx\/noticias\/wp-content\/uploads\/2025\/06\/503961687_1114723204022760_5212802568584872996_n-1-240x300.jpg 240w\" sizes=\"auto, (max-width: 480px) 100vw, 480px\" \/><\/figure>\n\n\n\n<p>La Direcci\u00f3n de Turismo del H. Ayuntamiento de Fresnillo te invita a formar parte del <strong>Fest\u00edn del Antojo<\/strong>, un evento gastron\u00f3mico con causa que celebrar\u00e1 los sabores tradicionales elaborados a base de ma\u00edz.<\/p>\n\n\n\n<p>\ud83d\udcc5 <strong>Fecha:<\/strong> 15 de junio de 2025<br>\ud83d\udccd <strong>Ubicaci\u00f3n:<\/strong> Monumento a la Bandera<br>\ud83d\udd58 <strong>Horario:<\/strong> 9:00 a.m. a 4:00 p.m.<br>\ud83c\udfaf <strong>Objetivo:<\/strong> Reunir a cocineros tradicionales, emprendedores y negocios locales para ofrecer platillos como tacos, gorditas, flautas, enchiladas, sopes, tamales, pozole, elotes, chilaquiles y mucho m\u00e1s.<\/p>\n\n\n\n<p>Todo lo recaudado ser\u00e1 en beneficio del <strong>DIF Municipal<\/strong> y <strong>Protecci\u00f3n Civil<\/strong>.<br>El evento contar\u00e1 con espacio techado, difusi\u00f3n, acceso el\u00e9ctrico y apoyo log\u00edstico por parte del Ayuntamiento.<\/p>\n\n\n\n<p>\ud83d\udd39 <strong>Inscr\u00edbete antes del 6 de junio<\/strong><br>\ud83d\udcde Informes: 493 113 3815<br>\ud83d\udce7 Correo: <a>visitafresnillo@gmail.com<\/a><br>\ud83d\udccd Direcci\u00f3n de Turismo, Juan de Tolosa #100, Centro<\/p>\n\n\n\n<p>\u00a1Juntos podemos hacer la diferencia y apoyar a quienes m\u00e1s lo necesitan!<\/p>\n\n\n\n<p>#FresnilloBienHecho<\/p>\n","protected":false},"excerpt":{"rendered":"<p>La Direcci\u00f3n de Turismo del H. Ayuntamiento de Fresnillo te invita a formar parte del Fest\u00edn del Antojo, un evento [&hellip;]<\/p>\n","protected":false},"author":1,"featured_media":749,"comment_status":"closed","ping_status":"","sticky":false,"template":"","format":"standard","meta":{"site-sidebar-layout":"default","site-content-layout":"","ast-site-content-layout":"","site-content-style":"default","site-sidebar-style":"default","ast-global-header-display":"","ast-banner-title-visibility":"","ast-main-header-display":"","ast-hfb-above-header-display":"","ast-hfb-below-header-display":"","ast-hfb-mobile-header-display":"","site-post-title":"","ast-breadcrumbs-content":"","ast-featured-img":"","footer-sml-layout":"","theme-transparent-header-meta":"","adv-header-id-meta":"","stick-header-meta":"","header-above-stick-meta":"","header-main-stick-meta":"","header-below-stick-meta":"","astra-migrate-meta-layouts":"default","ast-page-background-enabled":"default","ast-page-background-meta":{"desktop":{"background-color":"var(--ast-global-color-5)","background-image":"","background-repeat":"repeat","background-position":"center center","background-size":"auto","background-attachment":"scroll","background-type":"","background-media":"","overlay-type":"","overlay-color":"","overlay-opacity":"","overlay-gradient":""},"tablet":{"background-color":"","background-image":"","background-repeat":"repeat","background-position":"center center","background-size":"auto","background-attachment":"scroll","background-type":"","background-media":"","overlay-type":"","overlay-color":"","overlay-opacity":"","overlay-gradient":""},"mobile":{"background-color":"","background-image":"","background-repeat":"repeat","background-position":"center center","background-size":"auto","background-attachment":"scroll","background-type":"","background-media":"","overlay-type":"","overlay-color":"","overlay-opacity":"","overlay-gradient":""}},"ast-content-background-meta":{"desktop":{"background-color":"var(--ast-global-color-4)","background-image":"","background-repeat":"repeat","background-position":"center center","background-size":"auto","background-attachment":"scroll","background-type":"","background-media":"","overlay-type":"","overlay-color":"","overlay-opacity":"","overlay-gradient":""},"tablet":{"background-color":"var(--ast-global-color-4)","background-image":"","background-repeat":"repeat","background-position":"center center","background-size":"auto","background-attachment":"scroll","background-type":"","background-media":"","overlay-type":"","overlay-color":"","overlay-opacity":"","overlay-gradient":""},"mobile":{"background-color":"var(--ast-global-color-4)","background-image":"","background-repeat":"repeat","background-position":"center center","background-size":"auto","background-attachment":"scroll","background-type":"","background-media":"","overlay-type":"","overlay-color":"","overlay-opacity":"","overlay-gradient":""}},"footnotes":""},"categories":[1],"tags":[],"class_list":["post-744","post","type-post","status-publish","format-standard","has-post-thumbnail","hentry","category-uncategorized"],"_links":{"self":[{"href":"https:\/\/www.fresnillo.gob.mx\/noticias\/wp-json\/wp\/v2\/posts\/744","targetHints":{"allow":["GET"]}}],"collection":[{"href":"https:\/\/www.fresnillo.gob.mx\/noticias\/wp-json\/wp\/v2\/posts"}],"about":[{"href":"https:\/\/www.fresnillo.gob.mx\/noticias\/wp-json\/wp\/v2\/types\/post"}],"author":[{"embeddable":true,"href":"https:\/\/www.fresnillo.gob.mx\/noticias\/wp-json\/wp\/v2\/users\/1"}],"replies":[{"embeddable":true,"href":"https:\/\/www.fresnillo.gob.mx\/noticias\/wp-json\/wp\/v2\/comments?post=744"}],"version-history":[{"count":1,"href":"https:\/\/www.fresnillo.gob.mx\/noticias\/wp-json\/wp\/v2\/posts\/744\/revisions"}],"predecessor-version":[{"id":750,"href":"https:\/\/www.fresnillo.gob.mx\/noticias\/wp-json\/wp\/v2\/posts\/744\/revisions\/750"}],"wp:featuredmedia":[{"embeddable":true,"href":"https:\/\/www.fresnillo.gob.mx\/noticias\/wp-json\/wp\/v2\/media\/749"}],"wp:attachment":[{"href":"https:\/\/www.fresnillo.gob.mx\/noticias\/wp-json\/wp\/v2\/media?parent=744"}],"wp:term":[{"taxonomy":"category","embeddable":true,"href":"https:\/\/www.fresnillo.gob.mx\/noticias\/wp-json\/wp\/v2\/categories?post=744"},{"taxonomy":"post_tag","embeddable":true,"href":"https:\/\/www.fresnillo.gob.mx\/noticias\/wp-json\/wp\/v2\/tags?post=744"}],"curies":[{"name":"wp","href":"https:\/\/api.w.org\/{rel}","templated":true}]}}