{"id":755,"date":"2025-06-05T08:07:21","date_gmt":"2025-06-05T14:07:21","guid":{"rendered":"https:\/\/www.fresnillo.gob.mx\/noticias\/?p=755"},"modified":"2025-06-05T08:07:21","modified_gmt":"2025-06-05T14:07:21","slug":"se-avecina-el-festin-del-antojo-gastronomia-musica-y-tradicion-en-fresnillo","status":"publish","type":"post","link":"https:\/\/www.fresnillo.gob.mx\/noticias\/uncategorized\/se-avecina-el-festin-del-antojo-gastronomia-musica-y-tradicion-en-fresnillo\/","title":{"rendered":"Se avecina el Fest\u00edn del Antojo: \u00a1gastronom\u00eda, m\u00fasica y tradici\u00f3n en Fresnillo!"},"content":{"rendered":"\n<figure class=\"wp-block-image size-large\"><img loading=\"lazy\" decoding=\"async\" width=\"1024\" height=\"683\" src=\"https:\/\/www.fresnillo.gob.mx\/noticias\/wp-content\/uploads\/2025\/06\/504323599_1115526497275764_7738652645335240281_n-1024x683.jpg\" alt=\"\" class=\"wp-image-756\" srcset=\"https:\/\/www.fresnillo.gob.mx\/noticias\/wp-content\/uploads\/2025\/06\/504323599_1115526497275764_7738652645335240281_n-1024x683.jpg 1024w, https:\/\/www.fresnillo.gob.mx\/noticias\/wp-content\/uploads\/2025\/06\/504323599_1115526497275764_7738652645335240281_n-300x200.jpg 300w, https:\/\/www.fresnillo.gob.mx\/noticias\/wp-content\/uploads\/2025\/06\/504323599_1115526497275764_7738652645335240281_n-768x512.jpg 768w, https:\/\/www.fresnillo.gob.mx\/noticias\/wp-content\/uploads\/2025\/06\/504323599_1115526497275764_7738652645335240281_n.jpg 1280w\" sizes=\"auto, (max-width: 1024px) 100vw, 1024px\" \/><\/figure>\n\n\n\n<p>El Gobierno Municipal de Fresnillo, a trav\u00e9s de la <strong>Direcci\u00f3n de Turismo<\/strong>, convoca a establecimientos, emprendedores y productores locales a formar parte del <strong>Fest\u00edn del Antojo 2025<\/strong>, el primer festival gastron\u00f3mico dedicado a alimentos tradicionales elaborados con <strong>masa de ma\u00edz<\/strong>.<\/p>\n\n\n\n<p>Este evento con causa se llevar\u00e1 a cabo el pr\u00f3ximo <strong>15 de junio<\/strong> en el <strong>Monumento a la Bandera<\/strong>, donde se reunir\u00e1n sabores, tradiciones y talento culinario en una jornada llena de <strong>comida, m\u00fasica y actividades familiares<\/strong>.<\/p>\n\n\n\n<p>\ud83e\udd59 Tacos, gorditas, sopes, flautas, enchiladas, elotes, pozole, tamales, chilaquiles y mucho m\u00e1s\u2026<br>\ud83d\udccd Lugar: Monumento a la Bandera<br>\ud83d\udcc6 Fecha: 15 de junio<br>\ud83d\udd58 Horario: 9:00 a.m. a 4:00 p.m.<br>\ud83c\udf9f\ufe0f Evento con causa (a beneficio del DIF y Protecci\u00f3n Civil)<\/p>\n\n\n\n<p>\u00a1No te lo pierdas!<\/p>\n\n\n\n<p>#JuntosFresnilloBienHecho<\/p>\n\n\n\n<p><\/p>\n","protected":false},"excerpt":{"rendered":"<p>El Gobierno Municipal de Fresnillo, a trav\u00e9s de la Direcci\u00f3n de Turismo, convoca a establecimientos, emprendedores y productores locales a [&hellip;]<\/p>\n","protected":false},"author":1,"featured_media":756,"comment_status":"closed","ping_status":"","sticky":false,"template":"","format":"standard","meta":{"site-sidebar-layout":"default","site-content-layout":"","ast-site-content-layout":"","site-content-style":"default","site-sidebar-style":"default","ast-global-header-display":"","ast-banner-title-visibility":"","ast-main-header-display":"","ast-hfb-above-header-display":"","ast-hfb-below-header-display":"","ast-hfb-mobile-header-display":"","site-post-title":"","ast-breadcrumbs-content":"","ast-featured-img":"","footer-sml-layout":"","theme-transparent-header-meta":"","adv-header-id-meta":"","stick-header-meta":"","header-above-stick-meta":"","header-main-stick-meta":"","header-below-stick-meta":"","astra-migrate-meta-layouts":"default","ast-page-background-enabled":"default","ast-page-background-meta":{"desktop":{"background-color":"var(--ast-global-color-5)","background-image":"","background-repeat":"repeat","background-position":"center center","background-size":"auto","background-attachment":"scroll","background-type":"","background-media":"","overlay-type":"","overlay-color":"","overlay-opacity":"","overlay-gradient":""},"tablet":{"background-color":"","background-image":"","background-repeat":"repeat","background-position":"center center","background-size":"auto","background-attachment":"scroll","background-type":"","background-media":"","overlay-type":"","overlay-color":"","overlay-opacity":"","overlay-gradient":""},"mobile":{"background-color":"","background-image":"","background-repeat":"repeat","background-position":"center center","background-size":"auto","background-attachment":"scroll","background-type":"","background-media":"","overlay-type":"","overlay-color":"","overlay-opacity":"","overlay-gradient":""}},"ast-content-background-meta":{"desktop":{"background-color":"var(--ast-global-color-4)","background-image":"","background-repeat":"repeat","background-position":"center center","background-size":"auto","background-attachment":"scroll","background-type":"","background-media":"","overlay-type":"","overlay-color":"","overlay-opacity":"","overlay-gradient":""},"tablet":{"background-color":"var(--ast-global-color-4)","background-image":"","background-repeat":"repeat","background-position":"center center","background-size":"auto","background-attachment":"scroll","background-type":"","background-media":"","overlay-type":"","overlay-color":"","overlay-opacity":"","overlay-gradient":""},"mobile":{"background-color":"var(--ast-global-color-4)","background-image":"","background-repeat":"repeat","background-position":"center center","background-size":"auto","background-attachment":"scroll","background-type":"","background-media":"","overlay-type":"","overlay-color":"","overlay-opacity":"","overlay-gradient":""}},"footnotes":""},"categories":[1],"tags":[],"class_list":["post-755","post","type-post","status-publish","format-standard","has-post-thumbnail","hentry","category-uncategorized"],"_links":{"self":[{"href":"https:\/\/www.fresnillo.gob.mx\/noticias\/wp-json\/wp\/v2\/posts\/755","targetHints":{"allow":["GET"]}}],"collection":[{"href":"https:\/\/www.fresnillo.gob.mx\/noticias\/wp-json\/wp\/v2\/posts"}],"about":[{"href":"https:\/\/www.fresnillo.gob.mx\/noticias\/wp-json\/wp\/v2\/types\/post"}],"author":[{"embeddable":true,"href":"https:\/\/www.fresnillo.gob.mx\/noticias\/wp-json\/wp\/v2\/users\/1"}],"replies":[{"embeddable":true,"href":"https:\/\/www.fresnillo.gob.mx\/noticias\/wp-json\/wp\/v2\/comments?post=755"}],"version-history":[{"count":1,"href":"https:\/\/www.fresnillo.gob.mx\/noticias\/wp-json\/wp\/v2\/posts\/755\/revisions"}],"predecessor-version":[{"id":757,"href":"https:\/\/www.fresnillo.gob.mx\/noticias\/wp-json\/wp\/v2\/posts\/755\/revisions\/757"}],"wp:featuredmedia":[{"embeddable":true,"href":"https:\/\/www.fresnillo.gob.mx\/noticias\/wp-json\/wp\/v2\/media\/756"}],"wp:attachment":[{"href":"https:\/\/www.fresnillo.gob.mx\/noticias\/wp-json\/wp\/v2\/media?parent=755"}],"wp:term":[{"taxonomy":"category","embeddable":true,"href":"https:\/\/www.fresnillo.gob.mx\/noticias\/wp-json\/wp\/v2\/categories?post=755"},{"taxonomy":"post_tag","embeddable":true,"href":"https:\/\/www.fresnillo.gob.mx\/noticias\/wp-json\/wp\/v2\/tags?post=755"}],"curies":[{"name":"wp","href":"https:\/\/api.w.org\/{rel}","templated":true}]}}