{"id":758,"date":"2025-06-05T08:15:10","date_gmt":"2025-06-05T14:15:10","guid":{"rendered":"https:\/\/www.fresnillo.gob.mx\/noticias\/?p=758"},"modified":"2025-06-05T08:15:10","modified_gmt":"2025-06-05T14:15:10","slug":"convocatoria-abierta-se-parte-de-los-gambusinos-de-fresnillo-para-la-temporada-2025","status":"publish","type":"post","link":"https:\/\/www.fresnillo.gob.mx\/noticias\/uncategorized\/convocatoria-abierta-se-parte-de-los-gambusinos-de-fresnillo-para-la-temporada-2025\/","title":{"rendered":"\u00a1Convocatoria abierta! S\u00e9 parte de los Gambusinos de Fresnillo para la temporada 2025"},"content":{"rendered":"\n<figure class=\"wp-block-image aligncenter size-large is-resized\"><img loading=\"lazy\" decoding=\"async\" width=\"576\" height=\"1024\" src=\"https:\/\/www.fresnillo.gob.mx\/noticias\/wp-content\/uploads\/2025\/06\/503909049_1115587657269648_5259992090746568466_n-576x1024.jpg\" alt=\"\" class=\"wp-image-759\" style=\"width:444px;height:auto\" srcset=\"https:\/\/www.fresnillo.gob.mx\/noticias\/wp-content\/uploads\/2025\/06\/503909049_1115587657269648_5259992090746568466_n-576x1024.jpg 576w, https:\/\/www.fresnillo.gob.mx\/noticias\/wp-content\/uploads\/2025\/06\/503909049_1115587657269648_5259992090746568466_n-169x300.jpg 169w, https:\/\/www.fresnillo.gob.mx\/noticias\/wp-content\/uploads\/2025\/06\/503909049_1115587657269648_5259992090746568466_n-768x1365.jpg 768w, https:\/\/www.fresnillo.gob.mx\/noticias\/wp-content\/uploads\/2025\/06\/503909049_1115587657269648_5259992090746568466_n-864x1536.jpg 864w, https:\/\/www.fresnillo.gob.mx\/noticias\/wp-content\/uploads\/2025\/06\/503909049_1115587657269648_5259992090746568466_n.jpg 1152w\" sizes=\"auto, (max-width: 576px) 100vw, 576px\" \/><\/figure>\n\n\n\n<p>Te apasiona el basquetbol y sue\u00f1as con representar a Fresnillo en la duela?<br>\u00a1Esta es tu oportunidad!<\/p>\n\n\n\n<p>Los <strong>Gambusinos de Fresnillo<\/strong> abren convocatoria para integrar su equipo de cara a la <strong>temporada 2025 de la Liga Caliente MX LNBP<\/strong>.<\/p>\n\n\n\n<p>\ud83c\udfaf <strong>Buscamos jugadores:<\/strong><br>\u2705 Apasionados y comprometidos<br>\u2705 Con buen nivel t\u00e9cnico y condici\u00f3n f\u00edsica<br>\u2705 Con actitud positiva y trabajo en equipo<br>\u2705 Mayores de edad<\/p>\n\n\n\n<p>\ud83d\udcc5 <strong>Fecha:<\/strong> S\u00e1bado 07 de junio de 2025<br>\ud83d\udd5b <strong>Horario:<\/strong> 12:00 p.m. a 3:00 p.m.<br>\ud83d\udccd <strong>Lugar:<\/strong> Gimnasio Municipal de Fresnillo, Zac.<\/p>\n\n\n\n<p>\ud83d\udd17 <strong>Registro obligatorio:<\/strong><br><a>https:\/\/form.typeform.com\/to\/l8TlG9qD<\/a><br><em>(Solo las personas registradas podr\u00e1n participar en las pruebas)<\/em><\/p>\n\n\n\n<p>\ud83d\udfe3 \u00a1Ponte el casco, la camiseta y vive la experiencia Gambusina!<br>#GambusinosFresnillo<\/p>\n","protected":false},"excerpt":{"rendered":"<p>Te apasiona el basquetbol y sue\u00f1as con representar a Fresnillo en la duela?\u00a1Esta es tu oportunidad! Los Gambusinos de Fresnillo [&hellip;]<\/p>\n","protected":false},"author":1,"featured_media":759,"comment_status":"closed","ping_status":"","sticky":false,"template":"","format":"standard","meta":{"site-sidebar-layout":"default","site-content-layout":"","ast-site-content-layout":"","site-content-style":"default","site-sidebar-style":"default","ast-global-header-display":"","ast-banner-title-visibility":"","ast-main-header-display":"","ast-hfb-above-header-display":"","ast-hfb-below-header-display":"","ast-hfb-mobile-header-display":"","site-post-title":"","ast-breadcrumbs-content":"","ast-featured-img":"","footer-sml-layout":"","theme-transparent-header-meta":"","adv-header-id-meta":"","stick-header-meta":"","header-above-stick-meta":"","header-main-stick-meta":"","header-below-stick-meta":"","astra-migrate-meta-layouts":"default","ast-page-background-enabled":"default","ast-page-background-meta":{"desktop":{"background-color":"var(--ast-global-color-5)","background-image":"","background-repeat":"repeat","background-position":"center center","background-size":"auto","background-attachment":"scroll","background-type":"","background-media":"","overlay-type":"","overlay-color":"","overlay-opacity":"","overlay-gradient":""},"tablet":{"background-color":"","background-image":"","background-repeat":"repeat","background-position":"center center","background-size":"auto","background-attachment":"scroll","background-type":"","background-media":"","overlay-type":"","overlay-color":"","overlay-opacity":"","overlay-gradient":""},"mobile":{"background-color":"","background-image":"","background-repeat":"repeat","background-position":"center center","background-size":"auto","background-attachment":"scroll","background-type":"","background-media":"","overlay-type":"","overlay-color":"","overlay-opacity":"","overlay-gradient":""}},"ast-content-background-meta":{"desktop":{"background-color":"var(--ast-global-color-4)","background-image":"","background-repeat":"repeat","background-position":"center center","background-size":"auto","background-attachment":"scroll","background-type":"","background-media":"","overlay-type":"","overlay-color":"","overlay-opacity":"","overlay-gradient":""},"tablet":{"background-color":"var(--ast-global-color-4)","background-image":"","background-repeat":"repeat","background-position":"center center","background-size":"auto","background-attachment":"scroll","background-type":"","background-media":"","overlay-type":"","overlay-color":"","overlay-opacity":"","overlay-gradient":""},"mobile":{"background-color":"var(--ast-global-color-4)","background-image":"","background-repeat":"repeat","background-position":"center center","background-size":"auto","background-attachment":"scroll","background-type":"","background-media":"","overlay-type":"","overlay-color":"","overlay-opacity":"","overlay-gradient":""}},"footnotes":""},"categories":[1],"tags":[],"class_list":["post-758","post","type-post","status-publish","format-standard","has-post-thumbnail","hentry","category-uncategorized"],"_links":{"self":[{"href":"https:\/\/www.fresnillo.gob.mx\/noticias\/wp-json\/wp\/v2\/posts\/758","targetHints":{"allow":["GET"]}}],"collection":[{"href":"https:\/\/www.fresnillo.gob.mx\/noticias\/wp-json\/wp\/v2\/posts"}],"about":[{"href":"https:\/\/www.fresnillo.gob.mx\/noticias\/wp-json\/wp\/v2\/types\/post"}],"author":[{"embeddable":true,"href":"https:\/\/www.fresnillo.gob.mx\/noticias\/wp-json\/wp\/v2\/users\/1"}],"replies":[{"embeddable":true,"href":"https:\/\/www.fresnillo.gob.mx\/noticias\/wp-json\/wp\/v2\/comments?post=758"}],"version-history":[{"count":1,"href":"https:\/\/www.fresnillo.gob.mx\/noticias\/wp-json\/wp\/v2\/posts\/758\/revisions"}],"predecessor-version":[{"id":760,"href":"https:\/\/www.fresnillo.gob.mx\/noticias\/wp-json\/wp\/v2\/posts\/758\/revisions\/760"}],"wp:featuredmedia":[{"embeddable":true,"href":"https:\/\/www.fresnillo.gob.mx\/noticias\/wp-json\/wp\/v2\/media\/759"}],"wp:attachment":[{"href":"https:\/\/www.fresnillo.gob.mx\/noticias\/wp-json\/wp\/v2\/media?parent=758"}],"wp:term":[{"taxonomy":"category","embeddable":true,"href":"https:\/\/www.fresnillo.gob.mx\/noticias\/wp-json\/wp\/v2\/categories?post=758"},{"taxonomy":"post_tag","embeddable":true,"href":"https:\/\/www.fresnillo.gob.mx\/noticias\/wp-json\/wp\/v2\/tags?post=758"}],"curies":[{"name":"wp","href":"https:\/\/api.w.org\/{rel}","templated":true}]}}