{"id":800,"date":"2025-06-16T09:16:58","date_gmt":"2025-06-16T15:16:58","guid":{"rendered":"https:\/\/www.fresnillo.gob.mx\/noticias\/?p=800"},"modified":"2025-06-16T09:16:58","modified_gmt":"2025-06-16T15:16:58","slug":"fresnillo-fortalece-la-seguridad-con-la-inauguracion-del-5-o-batallon-de-la-guardia-nacional","status":"publish","type":"post","link":"https:\/\/www.fresnillo.gob.mx\/noticias\/uncategorized\/fresnillo-fortalece-la-seguridad-con-la-inauguracion-del-5-o-batallon-de-la-guardia-nacional\/","title":{"rendered":"Fresnillo fortalece la seguridad con la inauguraci\u00f3n del 5\/o. Batall\u00f3n de la Guardia Nacional"},"content":{"rendered":"\n<figure class=\"wp-block-image size-full\"><img loading=\"lazy\" decoding=\"async\" width=\"853\" height=\"568\" src=\"https:\/\/www.fresnillo.gob.mx\/noticias\/wp-content\/uploads\/2025\/06\/506011724_18164766439355651_2621354663972448209_n.jpg\" alt=\"\" class=\"wp-image-801\" srcset=\"https:\/\/www.fresnillo.gob.mx\/noticias\/wp-content\/uploads\/2025\/06\/506011724_18164766439355651_2621354663972448209_n.jpg 853w, https:\/\/www.fresnillo.gob.mx\/noticias\/wp-content\/uploads\/2025\/06\/506011724_18164766439355651_2621354663972448209_n-300x200.jpg 300w, https:\/\/www.fresnillo.gob.mx\/noticias\/wp-content\/uploads\/2025\/06\/506011724_18164766439355651_2621354663972448209_n-768x511.jpg 768w\" sizes=\"auto, (max-width: 853px) 100vw, 853px\" \/><\/figure>\n\n\n\n<p>El alcalde <strong>Javier Torres Rodr\u00edguez<\/strong> asisti\u00f3 a la inauguraci\u00f3n del <strong>5\/o. Batall\u00f3n de la Guardia Nacional en Fresnillo<\/strong>, una acci\u00f3n que refuerza la <strong>estrategia de seguridad<\/strong> a trav\u00e9s de la colaboraci\u00f3n entre los tres niveles de gobierno.<\/p>\n\n\n\n<p>La presencia de la Guardia Nacional en nuestro municipio representa un compromiso firme por brindar <strong>mayor tranquilidad y protecci\u00f3n<\/strong> a las familias fresnillenses.<\/p>\n\n\n\n<p>#JuntosFresnilloBienHecho<\/p>\n","protected":false},"excerpt":{"rendered":"<p>El alcalde Javier Torres Rodr\u00edguez asisti\u00f3 a la inauguraci\u00f3n del 5\/o. Batall\u00f3n de la Guardia Nacional en Fresnillo, una acci\u00f3n [&hellip;]<\/p>\n","protected":false},"author":1,"featured_media":801,"comment_status":"closed","ping_status":"","sticky":false,"template":"","format":"standard","meta":{"site-sidebar-layout":"default","site-content-layout":"","ast-site-content-layout":"","site-content-style":"default","site-sidebar-style":"default","ast-global-header-display":"","ast-banner-title-visibility":"","ast-main-header-display":"","ast-hfb-above-header-display":"","ast-hfb-below-header-display":"","ast-hfb-mobile-header-display":"","site-post-title":"","ast-breadcrumbs-content":"","ast-featured-img":"","footer-sml-layout":"","theme-transparent-header-meta":"","adv-header-id-meta":"","stick-header-meta":"","header-above-stick-meta":"","header-main-stick-meta":"","header-below-stick-meta":"","astra-migrate-meta-layouts":"default","ast-page-background-enabled":"default","ast-page-background-meta":{"desktop":{"background-color":"var(--ast-global-color-5)","background-image":"","background-repeat":"repeat","background-position":"center center","background-size":"auto","background-attachment":"scroll","background-type":"","background-media":"","overlay-type":"","overlay-color":"","overlay-opacity":"","overlay-gradient":""},"tablet":{"background-color":"","background-image":"","background-repeat":"repeat","background-position":"center center","background-size":"auto","background-attachment":"scroll","background-type":"","background-media":"","overlay-type":"","overlay-color":"","overlay-opacity":"","overlay-gradient":""},"mobile":{"background-color":"","background-image":"","background-repeat":"repeat","background-position":"center center","background-size":"auto","background-attachment":"scroll","background-type":"","background-media":"","overlay-type":"","overlay-color":"","overlay-opacity":"","overlay-gradient":""}},"ast-content-background-meta":{"desktop":{"background-color":"var(--ast-global-color-4)","background-image":"","background-repeat":"repeat","background-position":"center center","background-size":"auto","background-attachment":"scroll","background-type":"","background-media":"","overlay-type":"","overlay-color":"","overlay-opacity":"","overlay-gradient":""},"tablet":{"background-color":"var(--ast-global-color-4)","background-image":"","background-repeat":"repeat","background-position":"center center","background-size":"auto","background-attachment":"scroll","background-type":"","background-media":"","overlay-type":"","overlay-color":"","overlay-opacity":"","overlay-gradient":""},"mobile":{"background-color":"var(--ast-global-color-4)","background-image":"","background-repeat":"repeat","background-position":"center center","background-size":"auto","background-attachment":"scroll","background-type":"","background-media":"","overlay-type":"","overlay-color":"","overlay-opacity":"","overlay-gradient":""}},"footnotes":""},"categories":[1],"tags":[],"class_list":["post-800","post","type-post","status-publish","format-standard","has-post-thumbnail","hentry","category-uncategorized"],"_links":{"self":[{"href":"https:\/\/www.fresnillo.gob.mx\/noticias\/wp-json\/wp\/v2\/posts\/800","targetHints":{"allow":["GET"]}}],"collection":[{"href":"https:\/\/www.fresnillo.gob.mx\/noticias\/wp-json\/wp\/v2\/posts"}],"about":[{"href":"https:\/\/www.fresnillo.gob.mx\/noticias\/wp-json\/wp\/v2\/types\/post"}],"author":[{"embeddable":true,"href":"https:\/\/www.fresnillo.gob.mx\/noticias\/wp-json\/wp\/v2\/users\/1"}],"replies":[{"embeddable":true,"href":"https:\/\/www.fresnillo.gob.mx\/noticias\/wp-json\/wp\/v2\/comments?post=800"}],"version-history":[{"count":1,"href":"https:\/\/www.fresnillo.gob.mx\/noticias\/wp-json\/wp\/v2\/posts\/800\/revisions"}],"predecessor-version":[{"id":802,"href":"https:\/\/www.fresnillo.gob.mx\/noticias\/wp-json\/wp\/v2\/posts\/800\/revisions\/802"}],"wp:featuredmedia":[{"embeddable":true,"href":"https:\/\/www.fresnillo.gob.mx\/noticias\/wp-json\/wp\/v2\/media\/801"}],"wp:attachment":[{"href":"https:\/\/www.fresnillo.gob.mx\/noticias\/wp-json\/wp\/v2\/media?parent=800"}],"wp:term":[{"taxonomy":"category","embeddable":true,"href":"https:\/\/www.fresnillo.gob.mx\/noticias\/wp-json\/wp\/v2\/categories?post=800"},{"taxonomy":"post_tag","embeddable":true,"href":"https:\/\/www.fresnillo.gob.mx\/noticias\/wp-json\/wp\/v2\/tags?post=800"}],"curies":[{"name":"wp","href":"https:\/\/api.w.org\/{rel}","templated":true}]}}